{"id":102,"date":"2017-10-22T23:10:44","date_gmt":"2017-10-23T03:10:44","guid":{"rendered":"http:\/\/kantera.com\/enlasmanos\/?p=102"},"modified":"2017-10-31T16:22:11","modified_gmt":"2017-10-31T20:22:11","slug":"las-cosas-de-dios","status":"publish","type":"post","link":"https:\/\/kantera.com\/enlasmanos\/index.php\/2017\/10\/22\/las-cosas-de-dios\/","title":{"rendered":"Las Cosas de Dios"},"content":{"rendered":"<p style=\"text-align: left;\">Mateo 22, 15-21.<\/p>\n<p>El no saber discernir que corresponde a Dios y que al mundo ha sumergido al ser humano en crisis de muchos tipos;\u00a0 que van desde las personales de manera individual a las grandes crisis sociales que han arrastrado a grandes naciones al fracaso. Hoy observamos crisis politicas, bio-\u00e9ticas, educacionales, cient\u00edficas.. no hay una rama del saber humano que se escape a esta falta de discernimiento.<\/p>\n<p>El no dejar espacio a las cosas de Dios en nuestro d\u00eda a d\u00eda nos aleja de poder obtener cualidades\u00a0 que los mismos fariseos y herodianos reconocen en Jes\u00fas: &#8230;&#8221;sabemos que eres sincero y que ense\u00f1as el camino de Dios conforme a la verdad; sin que te importe nadie, porque no miras lo que la gente sea&#8221;&#8230;. Jes\u00fas emboscado en la pregunta no teme responder, y responde dando plenitud al sentido de las cosas espirituales, cribandolas de las terrenales.\u00a0 Es una respuesta plena que define que lo hecho por el hombre se queda para el hombre pero que las cosas de Dios trascienden al espacio-tiempo limitado en la vida humana. \u00bfQu\u00e9 valor tiene una moneda acu\u00f1ada por el hombre de metal extraido del suelo comparado con las cosas que nos da Aquel que todo lo cre\u00f3?<\/p>\n<p>Pidamos al Esp\u00edritu Santo que en este camino de conversi\u00f3n nos de el discernimiento y los dones para que al igual que Jes\u00fas poder &#8211; a trav\u00e9s de nuestra sinceridad-, ense\u00f1ar el camino a Dios conforme a la verdad, no ajustada a intereses ni prejuicios y ver al projimo como lo mira Jes\u00fas&#8230; separando todo el tiempo las cosas de Dios de las cosas del mundo.<\/p>\n","protected":false},"excerpt":{"rendered":"<p>Mateo 22, 15-21. El no saber discernir que corresponde a Dios y que al mundo ha sumergido al ser humano en crisis de muchos tipos;\u00a0 que van desde las personales de manera individual a las grandes crisis sociales que han arrastrado a grandes naciones al fracaso. Hoy observamos crisis politicas, bio-\u00e9ticas, educacionales, cient\u00edficas.. no hay [&hellip;]<\/p>\n","protected":false},"author":2,"featured_media":0,"comment_status":"closed","ping_status":"closed","sticky":false,"template":"","format":"standard","meta":{"footnotes":""},"categories":[2],"tags":[],"class_list":["post-102","post","type-post","status-publish","format-standard","hentry","category-reflexiones"],"_links":{"self":[{"href":"https:\/\/kantera.com\/enlasmanos\/index.php\/wp-json\/wp\/v2\/posts\/102","targetHints":{"allow":["GET"]}}],"collection":[{"href":"https:\/\/kantera.com\/enlasmanos\/index.php\/wp-json\/wp\/v2\/posts"}],"about":[{"href":"https:\/\/kantera.com\/enlasmanos\/index.php\/wp-json\/wp\/v2\/types\/post"}],"author":[{"embeddable":true,"href":"https:\/\/kantera.com\/enlasmanos\/index.php\/wp-json\/wp\/v2\/users\/2"}],"replies":[{"embeddable":true,"href":"https:\/\/kantera.com\/enlasmanos\/index.php\/wp-json\/wp\/v2\/comments?post=102"}],"version-history":[{"count":4,"href":"https:\/\/kantera.com\/enlasmanos\/index.php\/wp-json\/wp\/v2\/posts\/102\/revisions"}],"predecessor-version":[{"id":111,"href":"https:\/\/kantera.com\/enlasmanos\/index.php\/wp-json\/wp\/v2\/posts\/102\/revisions\/111"}],"wp:attachment":[{"href":"https:\/\/kantera.com\/enlasmanos\/index.php\/wp-json\/wp\/v2\/media?parent=102"}],"wp:term":[{"taxonomy":"category","embeddable":true,"href":"https:\/\/kantera.com\/enlasmanos\/index.php\/wp-json\/wp\/v2\/categories?post=102"},{"taxonomy":"post_tag","embeddable":true,"href":"https:\/\/kantera.com\/enlasmanos\/index.php\/wp-json\/wp\/v2\/tags?post=102"}],"curies":[{"name":"wp","href":"https:\/\/api.w.org\/{rel}","templated":true}]}}