{"id":107,"date":"2017-10-29T11:07:17","date_gmt":"2017-10-29T15:07:17","guid":{"rendered":"http:\/\/kantera.com\/enlasmanos\/?p=107"},"modified":"2017-10-31T16:22:29","modified_gmt":"2017-10-31T20:22:29","slug":"en-la-canasta-de-la-vida-del-projimo","status":"publish","type":"post","link":"https:\/\/kantera.com\/enlasmanos\/index.php\/2017\/10\/29\/en-la-canasta-de-la-vida-del-projimo\/","title":{"rendered":"En la Canasta de la Vida del Pr\u00f3jimo"},"content":{"rendered":"<p>Mateo 22, 34-40.<br \/>\nJes\u00fas dice: &#8220;&#8230; estos dos mandamientos sostienen la Ley entera y los profetas&#8221;&#8230; y Jes\u00fas hoy interpela el coraz\u00f3n de cada uno de nosotros&#8230; \u00bfQu\u00e9 sostiene tu vida? \u00bfLos mandamientos de Dios o las directrices del mundo? \u00bfUn camino de conversi\u00f3n lento lleno de paradas, por escuchar al amigo, por tender la mano al desconocido, por proveer al que vive en las periferias, al marginado, al necesitado hasta de un gesto de humanidad en su vida deshumanizada dentro de esta sociedad, un camino donde hay tramos de desalientos, de angustias, de duda, en fin un camino lleno de todo lo humano? \u00bfO un camino\u00a0 lleno de atajos y altas velocidades que no te han permitido ver la realidad y necesidad humana que en la orilla del mismo se presentan?&#8230; la respuesta sale de nuestro coraz\u00f3n y solo Dios sabe cuan sincera es.<\/p>\n<p>\u00bfQu\u00e9 tanto digo que lo amo a trav\u00e9s de servir a los dem\u00e1s, de aceptar su invitaci\u00f3n de cuidar al enfermo, al hu\u00e9rfano, a la viuda, al forastero? \u00bfC\u00f3mo reciben el amor del Padre a trav\u00e9s de mi testimonio de vida las personas que nos rodean?<\/p>\n<p>No basta con decirle a Dios: yo te amo si nuestra vida no est\u00e1 acompa\u00f1ada de acciones y compromisos concretos y coherentes a su invitaci\u00f3n de caminar con Jes\u00fas ese camino de conversi\u00f3n que nos llevar\u00e1 a \u00c9l un d\u00eda&#8230; Dios es tan sabio y misericordioso que nos plante\u00f3 una relaci\u00f3n personal e individual con cada uno&#8230;. y los frutos de esa relaci\u00f3n no est\u00e1n en mi canasta sino en la canasta de la vida del pr\u00f3jimo que nos rodea.<\/p>\n<p>Pidamos al Espiritu Santo que nos gu\u00ede de manera que nuestra vida est\u00e9 sostenida por sus dones y la misericordia de Dios Padre.<\/p>\n","protected":false},"excerpt":{"rendered":"<p>Mateo 22, 34-40. Jes\u00fas dice: &#8220;&#8230; estos dos mandamientos sostienen la Ley entera y los profetas&#8221;&#8230; y Jes\u00fas hoy interpela el coraz\u00f3n de cada uno de nosotros&#8230; \u00bfQu\u00e9 sostiene tu vida? \u00bfLos mandamientos de Dios o las directrices del mundo? \u00bfUn camino de conversi\u00f3n lento lleno de paradas, por escuchar al amigo, por tender la [&hellip;]<\/p>\n","protected":false},"author":2,"featured_media":0,"comment_status":"closed","ping_status":"closed","sticky":false,"template":"","format":"standard","meta":{"footnotes":""},"categories":[2],"tags":[],"class_list":["post-107","post","type-post","status-publish","format-standard","hentry","category-reflexiones"],"_links":{"self":[{"href":"https:\/\/kantera.com\/enlasmanos\/index.php\/wp-json\/wp\/v2\/posts\/107","targetHints":{"allow":["GET"]}}],"collection":[{"href":"https:\/\/kantera.com\/enlasmanos\/index.php\/wp-json\/wp\/v2\/posts"}],"about":[{"href":"https:\/\/kantera.com\/enlasmanos\/index.php\/wp-json\/wp\/v2\/types\/post"}],"author":[{"embeddable":true,"href":"https:\/\/kantera.com\/enlasmanos\/index.php\/wp-json\/wp\/v2\/users\/2"}],"replies":[{"embeddable":true,"href":"https:\/\/kantera.com\/enlasmanos\/index.php\/wp-json\/wp\/v2\/comments?post=107"}],"version-history":[{"count":3,"href":"https:\/\/kantera.com\/enlasmanos\/index.php\/wp-json\/wp\/v2\/posts\/107\/revisions"}],"predecessor-version":[{"id":110,"href":"https:\/\/kantera.com\/enlasmanos\/index.php\/wp-json\/wp\/v2\/posts\/107\/revisions\/110"}],"wp:attachment":[{"href":"https:\/\/kantera.com\/enlasmanos\/index.php\/wp-json\/wp\/v2\/media?parent=107"}],"wp:term":[{"taxonomy":"category","embeddable":true,"href":"https:\/\/kantera.com\/enlasmanos\/index.php\/wp-json\/wp\/v2\/categories?post=107"},{"taxonomy":"post_tag","embeddable":true,"href":"https:\/\/kantera.com\/enlasmanos\/index.php\/wp-json\/wp\/v2\/tags?post=107"}],"curies":[{"name":"wp","href":"https:\/\/api.w.org\/{rel}","templated":true}]}}