{"id":120,"date":"2017-11-19T17:05:14","date_gmt":"2017-11-19T21:05:14","guid":{"rendered":"http:\/\/kantera.com\/enlasmanos\/?p=120"},"modified":"2017-11-20T07:21:09","modified_gmt":"2017-11-20T11:21:09","slug":"cuales-son-mis-talentos","status":"publish","type":"post","link":"https:\/\/kantera.com\/enlasmanos\/index.php\/2017\/11\/19\/cuales-son-mis-talentos\/","title":{"rendered":"\u00bfCu\u00e1les son mis talentos?"},"content":{"rendered":"<p>Mateo 25, 14-30<\/p>\n<p>Para muchos de nosotros la palabra talento va ligada, exclusivamente, a lo personal, a lo propio; tan ligada a lo propio que se relaciona a los &#8220;exitos&#8221; individuales. Razonamiento&nbsp; planteado por esta sociedad individualista y egoc\u00e9ntrica en la que vivimos.<\/p>\n<p>&nbsp;Si hacemos un s\u00edmil&nbsp; con la lectura del Evangelio y haciendo conciencia de nuestras creencias, vemos que nuestros talentos fueron entregados por Dios a nosotros como hizo el amo con cada empleado y que los mismos se nos entregan para ser multiplicados, para que tengan un&nbsp; efecto multiplicador. No para ser enterrados ni ser ocultos por ego\u00edsmos, prejuicios, comodidades o jactancia.<\/p>\n<p>Y surgen preguntas, tales como: \u00bfCu\u00e1les son mis talentos?, \u00bfD\u00f3nde los pongo en pr\u00e1ctica?, \u00bfC\u00f3mo me beneficio de esos talentos?, \u00bfQui\u00e9n obtiene la ganancia? &#8230;.. a estas preguntas el&nbsp; cristiano va encontrando respuesta en el servicio; no eres tu quien descubres tu talento sino que \u00e9stos son descubiertos por&nbsp; aquellos que ven el reflejo de Cristo en tu testimonio de vida. Llevando a trav\u00e9s de la f\u00e9 ese mensaje de esperanza que se concretiza en amor cuando sirves a los dem\u00e1s. Y el beneficio lo recibes en funci\u00f3n de cuan sincera ha sido la entrega, punto que solo conoce el Se\u00f1or y tu coraz\u00f3n, y la ganancia para el Reino de Dios por el gozo que llevas a los dem\u00e1s en tu caminar en la conversi\u00f3n.<\/p>\n<p>Pidamos al Espiritu Santo que nos coloque en ese lugar para servir al projimo de manera que el don que nos entreg\u00f3 de fruto en abundancia; no donde mi humamidad entiende que conviene sino donde el Se\u00f1or reciba mayor Gloria y Alabanza.<\/p>\n","protected":false},"excerpt":{"rendered":"<p>Mateo 25, 14-30 Para muchos de nosotros la palabra talento va ligada, exclusivamente, a lo personal, a lo propio; tan ligada a lo propio que se relaciona a los &#8220;exitos&#8221; individuales. Razonamiento&nbsp; planteado por esta sociedad individualista y egoc\u00e9ntrica en la que vivimos. &nbsp;Si hacemos un s\u00edmil&nbsp; con la lectura del Evangelio y haciendo conciencia [&hellip;]<\/p>\n","protected":false},"author":2,"featured_media":0,"comment_status":"closed","ping_status":"open","sticky":false,"template":"","format":"standard","meta":{"footnotes":""},"categories":[2],"tags":[],"class_list":["post-120","post","type-post","status-publish","format-standard","hentry","category-reflexiones"],"_links":{"self":[{"href":"https:\/\/kantera.com\/enlasmanos\/index.php\/wp-json\/wp\/v2\/posts\/120","targetHints":{"allow":["GET"]}}],"collection":[{"href":"https:\/\/kantera.com\/enlasmanos\/index.php\/wp-json\/wp\/v2\/posts"}],"about":[{"href":"https:\/\/kantera.com\/enlasmanos\/index.php\/wp-json\/wp\/v2\/types\/post"}],"author":[{"embeddable":true,"href":"https:\/\/kantera.com\/enlasmanos\/index.php\/wp-json\/wp\/v2\/users\/2"}],"replies":[{"embeddable":true,"href":"https:\/\/kantera.com\/enlasmanos\/index.php\/wp-json\/wp\/v2\/comments?post=120"}],"version-history":[{"count":2,"href":"https:\/\/kantera.com\/enlasmanos\/index.php\/wp-json\/wp\/v2\/posts\/120\/revisions"}],"predecessor-version":[{"id":122,"href":"https:\/\/kantera.com\/enlasmanos\/index.php\/wp-json\/wp\/v2\/posts\/120\/revisions\/122"}],"wp:attachment":[{"href":"https:\/\/kantera.com\/enlasmanos\/index.php\/wp-json\/wp\/v2\/media?parent=120"}],"wp:term":[{"taxonomy":"category","embeddable":true,"href":"https:\/\/kantera.com\/enlasmanos\/index.php\/wp-json\/wp\/v2\/categories?post=120"},{"taxonomy":"post_tag","embeddable":true,"href":"https:\/\/kantera.com\/enlasmanos\/index.php\/wp-json\/wp\/v2\/tags?post=120"}],"curies":[{"name":"wp","href":"https:\/\/api.w.org\/{rel}","templated":true}]}}