{"id":149,"date":"2018-04-22T15:31:19","date_gmt":"2018-04-22T19:31:19","guid":{"rendered":"http:\/\/kantera.com\/enlasmanos\/?p=149"},"modified":"2022-03-09T01:48:49","modified_gmt":"2022-03-09T05:48:49","slug":"balsamo-y-venda","status":"publish","type":"post","link":"https:\/\/kantera.com\/enlasmanos\/index.php\/2018\/04\/22\/balsamo-y-venda\/","title":{"rendered":"B\u00e1lsamo y Venda"},"content":{"rendered":"<ol>\n<li>Juan 10, 11-18<br \/>\nMuchos de nosotros no podemos dimensionar los atributos y cualidades que defin\u00edan a la persona que hac\u00eda en la antig\u00fcedad el oficio de pastor. Nuestras referencias se basan quizas en un libro, alguna pel\u00edcula o dibujo animado. En la Biblia encontramos pasajes que nos muestran lo duro del oficio y lo valiente y arrojado que ten\u00edan que ser aquellos hombres y mujeres para realizar su oficio, siendo el caso de David quizas el m\u00e1s notorio; que enfrent\u00f3 a un oso y a un le\u00f3n, en diferentes ocasiones, para defender su reba\u00f1o, para que no se perdiera ni una sola de las que le hab\u00edan entregado su padre.<br \/>\nY es en esta misma l\u00ednea que Jes\u00fas se presenta a nosotros. Enfrentando al mal esp\u00edritu en el desierto, venciendo a la muerte en la cruz para poder llevar al Padre todas las ovejas de las diferentes naciones que forman el Pueblo de Dios. Para poder sanarnos de nuestras propias heridas causadas por los ego\u00edsmos, por la arrogancia, por la avaricia, por todos esos comportamientos que nos deshumanizan y no nos dejan amar, respetar y dignificar al pr\u00f3jimo .<br \/>\nDe seguro nos agrada llamar a Jes\u00fas nuestro Buen Pastor; y la pregunta que debemos respondernos es por que lo llamamos as\u00ed? Por temor, por lo \u00fatil o por amor?<br \/>\nPidamos al Esp\u00edritu Santo que nos ayude a encontrar el real significado del Buen Pastor en nuestras vidas de manera que podamos ser b\u00e1lsamo y venda para todo aquel que nos rodea. Que le podamos decir a Jes\u00fas tu eres el Buen Pastor y heme aqu\u00ed Se\u00f1or quiero ser tu instrumento para llevar tu mensaje y tu sanaci\u00f3n.<\/li>\n<\/ol>\n","protected":false},"excerpt":{"rendered":"<p>Juan 10, 11-18 Muchos de nosotros no podemos dimensionar los atributos y cualidades que defin\u00edan a la persona que hac\u00eda en la antig\u00fcedad el oficio de pastor. Nuestras referencias se basan quizas en un libro, alguna pel\u00edcula o dibujo animado. En la Biblia encontramos pasajes que nos muestran lo duro del oficio y lo valiente [&hellip;]<\/p>\n","protected":false},"author":2,"featured_media":0,"comment_status":"closed","ping_status":"closed","sticky":false,"template":"","format":"standard","meta":{"footnotes":""},"categories":[2],"tags":[],"class_list":["post-149","post","type-post","status-publish","format-standard","hentry","category-reflexiones"],"_links":{"self":[{"href":"https:\/\/kantera.com\/enlasmanos\/index.php\/wp-json\/wp\/v2\/posts\/149","targetHints":{"allow":["GET"]}}],"collection":[{"href":"https:\/\/kantera.com\/enlasmanos\/index.php\/wp-json\/wp\/v2\/posts"}],"about":[{"href":"https:\/\/kantera.com\/enlasmanos\/index.php\/wp-json\/wp\/v2\/types\/post"}],"author":[{"embeddable":true,"href":"https:\/\/kantera.com\/enlasmanos\/index.php\/wp-json\/wp\/v2\/users\/2"}],"replies":[{"embeddable":true,"href":"https:\/\/kantera.com\/enlasmanos\/index.php\/wp-json\/wp\/v2\/comments?post=149"}],"version-history":[{"count":2,"href":"https:\/\/kantera.com\/enlasmanos\/index.php\/wp-json\/wp\/v2\/posts\/149\/revisions"}],"predecessor-version":[{"id":152,"href":"https:\/\/kantera.com\/enlasmanos\/index.php\/wp-json\/wp\/v2\/posts\/149\/revisions\/152"}],"wp:attachment":[{"href":"https:\/\/kantera.com\/enlasmanos\/index.php\/wp-json\/wp\/v2\/media?parent=149"}],"wp:term":[{"taxonomy":"category","embeddable":true,"href":"https:\/\/kantera.com\/enlasmanos\/index.php\/wp-json\/wp\/v2\/categories?post=149"},{"taxonomy":"post_tag","embeddable":true,"href":"https:\/\/kantera.com\/enlasmanos\/index.php\/wp-json\/wp\/v2\/tags?post=149"}],"curies":[{"name":"wp","href":"https:\/\/api.w.org\/{rel}","templated":true}]}}