{"id":15,"date":"2017-08-27T19:17:00","date_gmt":"2017-08-27T23:17:00","guid":{"rendered":"http:\/\/kantera.com\/enlasmanos\/?p=15"},"modified":"2017-10-15T20:27:28","modified_gmt":"2017-10-16T00:27:28","slug":"quien-dice-jesus-q-soy-yo","status":"publish","type":"post","link":"https:\/\/kantera.com\/enlasmanos\/index.php\/2017\/08\/27\/quien-dice-jesus-q-soy-yo\/","title":{"rendered":"\u00bfQui\u00e9n dice Jes\u00fas que soy yo?"},"content":{"rendered":"<p>En muchas ocasiones de nuestra vida, en cualquier di\u00e1logo le decimos a otra persona, preg\u00fantale a Fulano quien soy yo, y no en pocas ocasiones esta pregunta va acompa\u00f1ada de vanidad o arrogancia; y cuando es en \u00e1mbito comunitario esta vanidad nos hace creer q tenemos una corona&#8230;. tan fr\u00e1gil es dicha corona que con cualquier golpe de la vida se rompe o tan liviana q cualquier borrasca se la lleva &#8230;. no nos damos cuenta q quien realmente responde esa pregunta es nuestro coraz\u00f3n. Las preguntas q nos deben preocupar responder no vienen de otro ser humano, sino de Jes\u00fas&#8230;.<br \/>\n<strong>\u00bfQui\u00e9n dice Jes\u00fas q soy yo?<\/strong><br \/>\nPuede Jes\u00fas declarar sobre mi q soy una roca para la salvaci\u00f3n de mis hermanos, una roca para la evangelizaci\u00f3n, una roca de testimonio de vida llena de Esp\u00edritu Santo, una roca fortalecida por su amor?<br \/>\nPuede Jes\u00fas entregarme las llaves para actuar sin prejuicios, sin pareceres humano, sin falta de justicia al momento de aplicar la ley q el nos hace entrega cuando nos da la Ley de su Amor?&#8230; M\u00e1s que pensar en el Pedro que lo neg\u00f3 tres veces meditemos en el Pedro que se entreg\u00f3 al Esp\u00edritu Santo y con valent\u00eda y arrojo predic\u00f3 a Cristo Vivo y Glorificado de manera que sea este nuestro ejemplo a seguir y al momento que Dios pregunte a Jes\u00fas quien eres, Dios Hijo responda &#8220;Padre esa persona es una que en su debilidad pidi\u00f3 que yo me hiciera fuerte y en sus fortalezas yo tuviera La Gloria&#8221;<\/p>\n","protected":false},"excerpt":{"rendered":"<p>En muchas ocasiones de nuestra vida, en cualquier di\u00e1logo le decimos a otra persona, preg\u00fantale a Fulano quien soy yo, y no en pocas ocasiones esta pregunta va acompa\u00f1ada de vanidad o arrogancia; y cuando es en \u00e1mbito comunitario esta vanidad nos hace creer q tenemos una corona&#8230;. tan fr\u00e1gil es dicha corona que con [&hellip;]<\/p>\n","protected":false},"author":2,"featured_media":0,"comment_status":"closed","ping_status":"open","sticky":false,"template":"","format":"standard","meta":{"footnotes":""},"categories":[2],"tags":[],"class_list":["post-15","post","type-post","status-publish","format-standard","hentry","category-reflexiones"],"_links":{"self":[{"href":"https:\/\/kantera.com\/enlasmanos\/index.php\/wp-json\/wp\/v2\/posts\/15","targetHints":{"allow":["GET"]}}],"collection":[{"href":"https:\/\/kantera.com\/enlasmanos\/index.php\/wp-json\/wp\/v2\/posts"}],"about":[{"href":"https:\/\/kantera.com\/enlasmanos\/index.php\/wp-json\/wp\/v2\/types\/post"}],"author":[{"embeddable":true,"href":"https:\/\/kantera.com\/enlasmanos\/index.php\/wp-json\/wp\/v2\/users\/2"}],"replies":[{"embeddable":true,"href":"https:\/\/kantera.com\/enlasmanos\/index.php\/wp-json\/wp\/v2\/comments?post=15"}],"version-history":[{"count":5,"href":"https:\/\/kantera.com\/enlasmanos\/index.php\/wp-json\/wp\/v2\/posts\/15\/revisions"}],"predecessor-version":[{"id":101,"href":"https:\/\/kantera.com\/enlasmanos\/index.php\/wp-json\/wp\/v2\/posts\/15\/revisions\/101"}],"wp:attachment":[{"href":"https:\/\/kantera.com\/enlasmanos\/index.php\/wp-json\/wp\/v2\/media?parent=15"}],"wp:term":[{"taxonomy":"category","embeddable":true,"href":"https:\/\/kantera.com\/enlasmanos\/index.php\/wp-json\/wp\/v2\/categories?post=15"},{"taxonomy":"post_tag","embeddable":true,"href":"https:\/\/kantera.com\/enlasmanos\/index.php\/wp-json\/wp\/v2\/tags?post=15"}],"curies":[{"name":"wp","href":"https:\/\/api.w.org\/{rel}","templated":true}]}}