{"id":188,"date":"2019-12-02T14:27:00","date_gmt":"2019-12-02T18:27:00","guid":{"rendered":"http:\/\/kantera.com\/enlasmanos\/?p=188"},"modified":"2022-03-09T01:48:49","modified_gmt":"2022-03-09T05:48:49","slug":"senor-no-soy-digno-de-que-entres-en-mi-casa","status":"publish","type":"post","link":"https:\/\/kantera.com\/enlasmanos\/index.php\/2019\/12\/02\/senor-no-soy-digno-de-que-entres-en-mi-casa\/","title":{"rendered":"Se\u00f1or no soy digno de que entres en mi casa"},"content":{"rendered":"\n<p> En la liturgia del Rito Romano se reza la oraci\u00f3n que recoge el Evangelio  del ap\u00f3stol Mateo en el dia de hoy. Durante la elevaci\u00f3n, el celebrante&nbsp; ordenado dice: <strong>&#8220;Este es el Cordero de Dios que quita el pecado el mundo&#8230;&#8221;<\/strong> y la asamblea responde: <strong>&#8220;Se\u00f1or no soy digno de que entres en mi casa pero una palabra tuya bastar\u00e1 para sanarme&#8221;<\/strong>. En lo personal es uno de los momentos m\u00e1s importante de la liturgia, que pasa de tener un car\u00e1cter general a todos los presentes a ser particular de manera exclusiva a cada uno, es el momento de dejar entrar a Jes\u00fas a esa casa interior que es nuestro coraz\u00f3n; a ese coraz\u00f3n lleno de imperfecciones, de miedos, rencores, desilusiones, dolor, frustracion, prejuicios y que el entra a morar, no para hacer magia y que desaparezca lo que quebranta nuestro coraz\u00f3n, sino para darnos la fuerza a trav\u00e9s del amor, la fe y la esperanza de que todo eso se puede superar y las cadenas que amarran nuestro interior \u00e9l las romper\u00e1 y llevar\u00e1 la luz a nuestro interior.<\/p>\n\n\n\n<p> En esa invitaci\u00f3n nos humillamos en humildad no en temor; y en esa humillaci\u00f3n entendemos que la Misericordia que permiti\u00f3 la Encarnaci\u00f3n de Jes\u00fas en el vientre de Mar\u00eda, para que entrara en este mundo imperfecto, es la que hoy permite que se encarne en el coraz\u00f3n de todo aquel que le abre las puertas de su coraz\u00f3n, no para guardarlo de manera ego\u00edsta sino atesor\u00e1ndolo a trav\u00e9s del servicio a los dem\u00e1s y un testimonio de vida que exprese que el Se\u00f1or Viene y habita en nuestro interior, de manera especial en este tiempo de Adviento. <\/p>\n","protected":false},"excerpt":{"rendered":"<p>En la liturgia del Rito Romano se reza la oraci\u00f3n que recoge el Evangelio del ap\u00f3stol Mateo en el dia de hoy. Durante la elevaci\u00f3n, el celebrante&nbsp; ordenado dice: &#8220;Este es el Cordero de Dios que quita el pecado el mundo&#8230;&#8221; y la asamblea responde: &#8220;Se\u00f1or no soy digno de que entres en mi casa [&hellip;]<\/p>\n","protected":false},"author":2,"featured_media":0,"comment_status":"closed","ping_status":"closed","sticky":false,"template":"","format":"standard","meta":{"footnotes":""},"categories":[2],"tags":[],"class_list":["post-188","post","type-post","status-publish","format-standard","hentry","category-reflexiones"],"_links":{"self":[{"href":"https:\/\/kantera.com\/enlasmanos\/index.php\/wp-json\/wp\/v2\/posts\/188","targetHints":{"allow":["GET"]}}],"collection":[{"href":"https:\/\/kantera.com\/enlasmanos\/index.php\/wp-json\/wp\/v2\/posts"}],"about":[{"href":"https:\/\/kantera.com\/enlasmanos\/index.php\/wp-json\/wp\/v2\/types\/post"}],"author":[{"embeddable":true,"href":"https:\/\/kantera.com\/enlasmanos\/index.php\/wp-json\/wp\/v2\/users\/2"}],"replies":[{"embeddable":true,"href":"https:\/\/kantera.com\/enlasmanos\/index.php\/wp-json\/wp\/v2\/comments?post=188"}],"version-history":[{"count":4,"href":"https:\/\/kantera.com\/enlasmanos\/index.php\/wp-json\/wp\/v2\/posts\/188\/revisions"}],"predecessor-version":[{"id":196,"href":"https:\/\/kantera.com\/enlasmanos\/index.php\/wp-json\/wp\/v2\/posts\/188\/revisions\/196"}],"wp:attachment":[{"href":"https:\/\/kantera.com\/enlasmanos\/index.php\/wp-json\/wp\/v2\/media?parent=188"}],"wp:term":[{"taxonomy":"category","embeddable":true,"href":"https:\/\/kantera.com\/enlasmanos\/index.php\/wp-json\/wp\/v2\/categories?post=188"},{"taxonomy":"post_tag","embeddable":true,"href":"https:\/\/kantera.com\/enlasmanos\/index.php\/wp-json\/wp\/v2\/tags?post=188"}],"curies":[{"name":"wp","href":"https:\/\/api.w.org\/{rel}","templated":true}]}}