{"id":19,"date":"2017-09-24T13:41:29","date_gmt":"2017-09-24T17:41:29","guid":{"rendered":"http:\/\/kantera.com\/enlasmanos\/?p=19"},"modified":"2017-09-24T16:11:51","modified_gmt":"2017-09-24T20:11:51","slug":"los-jornaleros-y-la-misericordia-del-senor","status":"publish","type":"post","link":"https:\/\/kantera.com\/enlasmanos\/index.php\/2017\/09\/24\/los-jornaleros-y-la-misericordia-del-senor\/","title":{"rendered":"Los Jornaleros y la Misericordia del Se\u00f1or"},"content":{"rendered":"<p><em>Mateo 20, 1-16<\/em><br \/>\nLa actitud de los primeros jornaleros muestra al pueblo hebreo, que consideraba la Salvaci\u00f3n de Dios representada en la moneda del denario como un privilegio exclusivo de ellos. Privilegio heredado a trav\u00e9s de Abraham y de la Alianza del Sina\u00ed con Mois\u00e9s&#8230;. punto de vista muy alejado de lo que Dios tiene para sus hijos, no entienden que fueron el pueblo usado por Dios para revelarse a los dem\u00e1s; no que le pon\u00eda por encima del resto. Esta actitud del pueblo hebreo es criticable y mas criticable a\u00fan es que no ha desaparecido del pueblo de Dios; todav\u00eda persiste en nuestras comunidades cristianas. \u00bfCu\u00e1ntas veces nos preguntamos porqu\u00e9 llamaron a Fulano que apenas tiene un a\u00f1o en la comunidad para tal servicio y a mi no, o a Sutaneja le pidieron que sirviera de coordinadora de un consejo nuevo que se cre\u00f3? Cu\u00e1ntos comentarios da\u00f1inos, mal intencionados y maliciosos no dejamos que se esparzan acerca de la labor o del servicio de un hermano o hermana porque es nuevo en el grupo?&#8230; Estas acciones muestran que tan lejos est\u00e1 el ser humano de entender La Misericordia de Dios&#8230; \u00c9l quiere para todos y cada uno lo mejor. \u00c9l quiere que hoy tu escuches su llamado no importa que edad tengas, sin importar si trabajas o no, si est\u00e1s soltera o est\u00e1s casada, que tan preparados est\u00e1s acad\u00e9micamente, que tanto le conoces o no&#8230;<br \/>\n\u00c9l te llama hoy para que recibas su Misericordia, su Gracia y su Amor&#8230; \u00c9l hoy te dice cu\u00e1n especial eres!<br \/>\nPidamos al Esp\u00edritu Santo que toque nuestros corazones para sacar de nuestro interior todos esos ego\u00edsmos que no nos permiten ser jornaleros humildes, laboriosos y felices de manera q a trav\u00e9s de nuestro testimonio de vida nuestro pr\u00f3jimo reciba los beneficios del Reino de Dios hoy en La Tierra.<\/p>\n","protected":false},"excerpt":{"rendered":"<p>Mateo 20, 1-16 La actitud de los primeros jornaleros muestra al pueblo hebreo, que consideraba la Salvaci\u00f3n de Dios representada en la moneda del denario como un privilegio exclusivo de ellos. Privilegio heredado a trav\u00e9s de Abraham y de la Alianza del Sina\u00ed con Mois\u00e9s&#8230;. punto de vista muy alejado de lo que Dios tiene [&hellip;]<\/p>\n","protected":false},"author":2,"featured_media":0,"comment_status":"closed","ping_status":"open","sticky":false,"template":"","format":"standard","meta":{"footnotes":""},"categories":[2],"tags":[],"class_list":["post-19","post","type-post","status-publish","format-standard","hentry","category-reflexiones"],"_links":{"self":[{"href":"https:\/\/kantera.com\/enlasmanos\/index.php\/wp-json\/wp\/v2\/posts\/19","targetHints":{"allow":["GET"]}}],"collection":[{"href":"https:\/\/kantera.com\/enlasmanos\/index.php\/wp-json\/wp\/v2\/posts"}],"about":[{"href":"https:\/\/kantera.com\/enlasmanos\/index.php\/wp-json\/wp\/v2\/types\/post"}],"author":[{"embeddable":true,"href":"https:\/\/kantera.com\/enlasmanos\/index.php\/wp-json\/wp\/v2\/users\/2"}],"replies":[{"embeddable":true,"href":"https:\/\/kantera.com\/enlasmanos\/index.php\/wp-json\/wp\/v2\/comments?post=19"}],"version-history":[{"count":3,"href":"https:\/\/kantera.com\/enlasmanos\/index.php\/wp-json\/wp\/v2\/posts\/19\/revisions"}],"predecessor-version":[{"id":20,"href":"https:\/\/kantera.com\/enlasmanos\/index.php\/wp-json\/wp\/v2\/posts\/19\/revisions\/20"}],"wp:attachment":[{"href":"https:\/\/kantera.com\/enlasmanos\/index.php\/wp-json\/wp\/v2\/media?parent=19"}],"wp:term":[{"taxonomy":"category","embeddable":true,"href":"https:\/\/kantera.com\/enlasmanos\/index.php\/wp-json\/wp\/v2\/categories?post=19"},{"taxonomy":"post_tag","embeddable":true,"href":"https:\/\/kantera.com\/enlasmanos\/index.php\/wp-json\/wp\/v2\/tags?post=19"}],"curies":[{"name":"wp","href":"https:\/\/api.w.org\/{rel}","templated":true}]}}