{"id":192,"date":"2019-12-15T14:33:00","date_gmt":"2019-12-15T18:33:00","guid":{"rendered":"http:\/\/kantera.com\/enlasmanos\/?p=192"},"modified":"2022-03-09T01:48:49","modified_gmt":"2022-03-09T05:48:49","slug":"que-saliste-tu-a-buscar-cuando-decidiste-seguir-a-cristo","status":"publish","type":"post","link":"https:\/\/kantera.com\/enlasmanos\/index.php\/2019\/12\/15\/que-saliste-tu-a-buscar-cuando-decidiste-seguir-a-cristo\/","title":{"rendered":"\u00bfQu\u00e9 saliste t\u00fa a buscar cuando decidiste seguir a Cristo?"},"content":{"rendered":"\n<p>Tercer Domingo de Adviento 2019 ( Mateo 11, 2-11)<\/p>\n\n\n\n<p>La pregunta de Jes\u00fas a sus disc\u00edpulos acerca de lo que salieron a contemplar en el desierto al enterarse de que hab\u00eda una voz all\u00ed, bien puede repetirse para todos nosotros, , \u00bfBuscabas la comodidad de un templo?, \u00bfSocializar con otras personas? , \u00bfAsistir a ritos sin interiorizar en tu coraz\u00f3n?, \u00bfBuscar prestigio social?. Seguir a Cristo difiere mucho de todo esto. Seguir a Cristo implica darse y gastarse por el pr\u00f3jimo; es salir a los desiertos a evangelizar ,all\u00ed donde m\u00e1s nos puedan rechazar, a llevar luz a los &#8220;ciegos&#8221; aquellos que las diferencias sociales les han ocultado sus derechos, a los &#8220;lisiados&#8221; que por la falta de Justicia han visto truncadas sus vidas y las de su familia, a los &#8220;leprosos&#8221; que los prejuicios sociales que cultivamos han arrinconado y excluido del disfrutes de bienes b\u00e1sicos, salir a buscar los &#8220;muertos&#8221; que por falta de una labor seria de llevar la palabra de Dios hemos dejado que se les apague la parte espiritual del ser humano y su relaci\u00f3n con el Creador <\/p>\n\n\n\n<p>Seguir a Cristo implica dar un testimonio de vida que abra los o\u00eddos de los &#8220;sordos&#8221; llenos de indiferencia. Es tiempo&nbsp; que dejemos de exigir el gran milagro de que resucite un muerto o esperar que Jes\u00fas vuelva&nbsp;para f\u00edsicamente para entonces&nbsp; comenzar a trabajar por el Reino de los Cielos, es tiempo de que comprendamos que Jes\u00fas est\u00e1 en cada uno de esos hermanos marginados y excluidos. Que Jes\u00fas quiere la salvaci\u00f3n de aquel que tiene su coraz\u00f3n lleno de prejuicios y corrupci\u00f3n; y a ti hoy te pide que dejes tu comodidad y camines en el desierto para hacer el milagro de traer de nuevo a la vida a&nbsp; aquellas personas que viven muertas.<\/p>\n\n\n\n<p>Pidamos al Esp\u00edritu Santo que alimente nuestro esp\u00edritu del Gozo que da la presencia de Jes\u00fas, de manera que podamos dar cumplimiento al Adviento del necesitado, al ser Jesus en sus vidas.<\/p>\n","protected":false},"excerpt":{"rendered":"<p>Tercer Domingo de Adviento 2019 ( Mateo 11, 2-11) La pregunta de Jes\u00fas a sus disc\u00edpulos acerca de lo que salieron a contemplar en el desierto al enterarse de que hab\u00eda una voz all\u00ed, bien puede repetirse para todos nosotros, , \u00bfBuscabas la comodidad de un templo?, \u00bfSocializar con otras personas? , \u00bfAsistir a ritos [&hellip;]<\/p>\n","protected":false},"author":2,"featured_media":0,"comment_status":"closed","ping_status":"closed","sticky":false,"template":"","format":"standard","meta":{"footnotes":""},"categories":[2],"tags":[],"class_list":["post-192","post","type-post","status-publish","format-standard","hentry","category-reflexiones"],"_links":{"self":[{"href":"https:\/\/kantera.com\/enlasmanos\/index.php\/wp-json\/wp\/v2\/posts\/192","targetHints":{"allow":["GET"]}}],"collection":[{"href":"https:\/\/kantera.com\/enlasmanos\/index.php\/wp-json\/wp\/v2\/posts"}],"about":[{"href":"https:\/\/kantera.com\/enlasmanos\/index.php\/wp-json\/wp\/v2\/types\/post"}],"author":[{"embeddable":true,"href":"https:\/\/kantera.com\/enlasmanos\/index.php\/wp-json\/wp\/v2\/users\/2"}],"replies":[{"embeddable":true,"href":"https:\/\/kantera.com\/enlasmanos\/index.php\/wp-json\/wp\/v2\/comments?post=192"}],"version-history":[{"count":2,"href":"https:\/\/kantera.com\/enlasmanos\/index.php\/wp-json\/wp\/v2\/posts\/192\/revisions"}],"predecessor-version":[{"id":195,"href":"https:\/\/kantera.com\/enlasmanos\/index.php\/wp-json\/wp\/v2\/posts\/192\/revisions\/195"}],"wp:attachment":[{"href":"https:\/\/kantera.com\/enlasmanos\/index.php\/wp-json\/wp\/v2\/media?parent=192"}],"wp:term":[{"taxonomy":"category","embeddable":true,"href":"https:\/\/kantera.com\/enlasmanos\/index.php\/wp-json\/wp\/v2\/categories?post=192"},{"taxonomy":"post_tag","embeddable":true,"href":"https:\/\/kantera.com\/enlasmanos\/index.php\/wp-json\/wp\/v2\/tags?post=192"}],"curies":[{"name":"wp","href":"https:\/\/api.w.org\/{rel}","templated":true}]}}