{"id":205,"date":"2020-04-09T22:49:17","date_gmt":"2020-04-10T02:49:17","guid":{"rendered":"http:\/\/kantera.com\/enlasmanos\/2020\/04\/09\/padre-que-se-haga-tu-voluntad-y-no-la-mia\/"},"modified":"2022-03-09T01:48:48","modified_gmt":"2022-03-09T05:48:48","slug":"padre-que-se-haga-tu-voluntad-y-no-la-mia","status":"publish","type":"post","link":"https:\/\/kantera.com\/enlasmanos\/index.php\/2020\/04\/09\/padre-que-se-haga-tu-voluntad-y-no-la-mia\/","title":{"rendered":"Padre, que se haga tu voluntad y no la m\u00eda"},"content":{"rendered":"\n<p>Al terminar la Cena del Se\u00f1or, Jes\u00fas y sus disc\u00edpulos salen para el huerto cubiertos por la noche. Es un momento que lo llevamos desde el sentimiento de la negaci\u00f3n hasta el sentimiento de tristeza o pena en el preludio donde la traici\u00f3n tomar\u00e1 forma y esto nos impide llevarnos a nuestro hogar y a nuestros corazones las revelaciones que esos minutos nos guardan.<br>Jes\u00fas apartado en oraci\u00f3n, los ap\u00f3stoles que no aguantan estar vigilantes. El Se\u00f1or en oraci\u00f3n\u2026 suda sangre!!! La luna en lo alto, las aves nocturnas con sus voces y el viento fr\u00edo que hiela nuestro interior. Y viene la pregunta; donde encuentro paz en todo esta escena que el miedo me inquieta?\u2026. Y es en el momento que Jes\u00fas habla con su Padre que encontramos el tesoro, Jes\u00fas en su humanidad plantea el retiro de este c\u00e1liz, sin embargo deja a Dios ser Dios, Padre que se haga tu voluntad y no la m\u00eda es el cierre de esta oraci\u00f3n. Muchos dir\u00e1n que la valent\u00eda llev\u00f3 a Jes\u00fas a mantenerse; en lo personal dudo que la valentia haya sido. Que fue entonces? lo que mantuvo a Jes\u00fas fue el Amor. Amor Incondicional por todos; por sus discipulos, por sus detractores, e incluso por aquellos que procuraban su muerte. Amor por ti, amor todos nosotros que lo traicionamos sin que cante el gallo. Y es ese Amor que hoy permite que muchas personas se est\u00e9n entregando por su pr\u00f3jimo en un centro de salud, en un servicio publico de vigilancia, en una labor c\u00edvica de llevar alimentos, ese Amor hoy se manifiesta de multiples maneras, pues no es un salario que los mantiene en pies; es Amor. Amor que pedimos al Esp\u00edritu Santo hoy lo derrame en cada uno de nuestros hogares, en nuestros corazones y que nuestras oraciones que parten desde el Amor sirvan de sostenimiento a estos disc\u00edpulos que est\u00e1n en vela por el bien de su pr\u00f3jimo.<\/p>\n","protected":false},"excerpt":{"rendered":"<p>Al terminar la Cena del Se\u00f1or, Jes\u00fas y sus disc\u00edpulos salen para el huerto cubiertos por la noche. Es un momento que lo llevamos desde el sentimiento de la negaci\u00f3n hasta el sentimiento de tristeza o pena en el preludio donde la traici\u00f3n tomar\u00e1 forma y esto nos impide llevarnos a nuestro hogar y a [&hellip;]<\/p>\n","protected":false},"author":2,"featured_media":0,"comment_status":"closed","ping_status":"closed","sticky":false,"template":"","format":"standard","meta":{"footnotes":""},"categories":[2],"tags":[],"class_list":["post-205","post","type-post","status-publish","format-standard","hentry","category-reflexiones"],"_links":{"self":[{"href":"https:\/\/kantera.com\/enlasmanos\/index.php\/wp-json\/wp\/v2\/posts\/205","targetHints":{"allow":["GET"]}}],"collection":[{"href":"https:\/\/kantera.com\/enlasmanos\/index.php\/wp-json\/wp\/v2\/posts"}],"about":[{"href":"https:\/\/kantera.com\/enlasmanos\/index.php\/wp-json\/wp\/v2\/types\/post"}],"author":[{"embeddable":true,"href":"https:\/\/kantera.com\/enlasmanos\/index.php\/wp-json\/wp\/v2\/users\/2"}],"replies":[{"embeddable":true,"href":"https:\/\/kantera.com\/enlasmanos\/index.php\/wp-json\/wp\/v2\/comments?post=205"}],"version-history":[{"count":1,"href":"https:\/\/kantera.com\/enlasmanos\/index.php\/wp-json\/wp\/v2\/posts\/205\/revisions"}],"predecessor-version":[{"id":207,"href":"https:\/\/kantera.com\/enlasmanos\/index.php\/wp-json\/wp\/v2\/posts\/205\/revisions\/207"}],"wp:attachment":[{"href":"https:\/\/kantera.com\/enlasmanos\/index.php\/wp-json\/wp\/v2\/media?parent=205"}],"wp:term":[{"taxonomy":"category","embeddable":true,"href":"https:\/\/kantera.com\/enlasmanos\/index.php\/wp-json\/wp\/v2\/categories?post=205"},{"taxonomy":"post_tag","embeddable":true,"href":"https:\/\/kantera.com\/enlasmanos\/index.php\/wp-json\/wp\/v2\/tags?post=205"}],"curies":[{"name":"wp","href":"https:\/\/api.w.org\/{rel}","templated":true}]}}