{"id":223,"date":"2022-03-09T01:27:38","date_gmt":"2022-03-09T05:27:38","guid":{"rendered":"https:\/\/kantera.com\/enlasmanos\/?p=223"},"modified":"2025-12-28T20:42:14","modified_gmt":"2025-12-28T20:42:14","slug":"jesus-en-el-desierto","status":"publish","type":"post","link":"https:\/\/kantera.com\/enlasmanos\/index.php\/2022\/03\/09\/jesus-en-el-desierto\/","title":{"rendered":"Jes\u00fas En El Desierto"},"content":{"rendered":"\n<p><strong>Lucas (4,1-13)<\/strong><\/p>\n\n\n\n<p>El Evangelio de hoy nos habla de que Jes\u00fas viene de un Jord\u00e1n y entra a un Desierto. Similar a nuestras vidas, que de una experiencia de fe a trav\u00e9s de un retiro, la escucha de un testimonio o un momento de profunda oraci\u00f3n nos sentimos &#8220;fuertes&#8221; en nuestra vida espiritual, nos sentimos cercanos al Se\u00f1or, ba\u00f1ados por el Agua Viva, pero de repente las situaciones del d\u00eda a d\u00eda, las del diario vivir nos sacan de ese Jord\u00e1n y nos sentimos andando en el Desierto, con el coraz\u00f3n agreste y el alma arida. Jes\u00fas en su humanidad hizo este camino, no para mostrarnos q \u00e9l lo superar\u00eda por ser el hijo de Dios. No, lo hace para darnos las pautas de lo que debemos hacer en todo momento de nuestra vida espiritual. Muy claro lo precisa el Evangelio y es dejarse acompa\u00f1ar, guiar y llevar del Esp\u00edritu Santo. Esp\u00edritu Santo que le permite, tanto a Jes\u00fas como a nosotros, identificar la voz y las intenciones de quien las pronuncia, as\u00ed como darse cuenta que es ilusi\u00f3n pasajera y que es vida eterna.<\/p>\n\n\n\n<p>Por qu\u00e9 ha de convertir Jes\u00fas la piedra en pan cuando \u00c9l es el Pan de Vida?, por qu\u00e9 ha de ofrecernos otra cosa obedeciendo una voz diferente a la del Padre? y una pregunta a nosotros sale de esta tentaci\u00f3n: Que sentimientos brotan de nuestro coraz\u00f3n cuando ayudamos al necesitado, mostramos a Jes\u00fas o acaso somos tentados para que nos conviertan en &#8221; su dios&#8221;?<\/p>\n\n\n\n<p>Por qu\u00e9 ha de arrodillarse Jes\u00fas por lo que le muestran por un instante cuando \u00c9l es Alfa y Omega, como dice Juan en su pr\u00f3logo, que la Palabra existia en el inicio de la Creaci\u00f3n, \u00c9l que sabe en manos de quien est\u00e1 la Eternidad no se arrodilla ante lo ef\u00edmero, ante lo pasajero, ante la mentira. Identifica al mentiroso, que ofrece algo sobre lo cual no tiene propiedad, pues acaso ha creado algo el se\u00f1or de la mentira fuera de la ilusi\u00f3n y el enga\u00f1o?<\/p>\n\n\n\n<p>Jes\u00fas conoce su relaci\u00f3n con Dios Padre, y no la somete a un &#8220;si&#8221; condicionado. Acaso esta Jes\u00fas con nosotros si no pecamos, nos ama si no le faltamos, nos espera si no lo defraudadamos?, no, Jes\u00fas est\u00e1, nos ama y nos espera siempre, sin condici\u00f3n. Sin condici\u00f3n cumplio el plan de amor del Padre para nuestra salvaci\u00f3n. Guiado en todo momento por el Esp\u00edritu Santo, esp\u00edritu de Luz, Gracia y Amor.<\/p>\n\n\n\n<p>Pidamos al Esp\u00edritu Santo que nos guie en todo momento, que nos ayude a superar la tentaci\u00f3n ante la necesidad y debilidad humana, que nos ayude a identificar lo ef\u00edmero y a buscar las cosas que dan fruto en la vida eterna, a servir y amar al pr\u00f3jimo sin condici\u00f3n como lo hace Jes\u00fas.<\/p>\n","protected":false},"excerpt":{"rendered":"<p>Lucas (4,1-13) El Evangelio de hoy nos habla de que Jes\u00fas viene de un Jord\u00e1n y entra a un Desierto. Similar a nuestras vidas, que de una experiencia de fe a trav\u00e9s de un retiro, la escucha de un testimonio o un momento de profunda oraci\u00f3n nos sentimos &#8220;fuertes&#8221; en nuestra vida espiritual, nos sentimos [&hellip;]<\/p>\n","protected":false},"author":2,"featured_media":0,"comment_status":"closed","ping_status":"closed","sticky":false,"template":"","format":"standard","meta":{"footnotes":""},"categories":[2],"tags":[],"class_list":["post-223","post","type-post","status-publish","format-standard","hentry","category-reflexiones"],"_links":{"self":[{"href":"https:\/\/kantera.com\/enlasmanos\/index.php\/wp-json\/wp\/v2\/posts\/223","targetHints":{"allow":["GET"]}}],"collection":[{"href":"https:\/\/kantera.com\/enlasmanos\/index.php\/wp-json\/wp\/v2\/posts"}],"about":[{"href":"https:\/\/kantera.com\/enlasmanos\/index.php\/wp-json\/wp\/v2\/types\/post"}],"author":[{"embeddable":true,"href":"https:\/\/kantera.com\/enlasmanos\/index.php\/wp-json\/wp\/v2\/users\/2"}],"replies":[{"embeddable":true,"href":"https:\/\/kantera.com\/enlasmanos\/index.php\/wp-json\/wp\/v2\/comments?post=223"}],"version-history":[{"count":1,"href":"https:\/\/kantera.com\/enlasmanos\/index.php\/wp-json\/wp\/v2\/posts\/223\/revisions"}],"predecessor-version":[{"id":225,"href":"https:\/\/kantera.com\/enlasmanos\/index.php\/wp-json\/wp\/v2\/posts\/223\/revisions\/225"}],"wp:attachment":[{"href":"https:\/\/kantera.com\/enlasmanos\/index.php\/wp-json\/wp\/v2\/media?parent=223"}],"wp:term":[{"taxonomy":"category","embeddable":true,"href":"https:\/\/kantera.com\/enlasmanos\/index.php\/wp-json\/wp\/v2\/categories?post=223"},{"taxonomy":"post_tag","embeddable":true,"href":"https:\/\/kantera.com\/enlasmanos\/index.php\/wp-json\/wp\/v2\/tags?post=223"}],"curies":[{"name":"wp","href":"https:\/\/api.w.org\/{rel}","templated":true}]}}